{"id":637,"date":"2026-04-07T07:19:21","date_gmt":"2026-04-07T07:19:21","guid":{"rendered":"https:\/\/thebloomingbag.com\/?p=637"},"modified":"2026-04-15T08:27:12","modified_gmt":"2026-04-15T08:27:12","slug":"interim-marketing-manager","status":"publish","type":"post","link":"https:\/\/thebloomingbag.com\/it\/interim-marketing-manager\/","title":{"rendered":"Quando un'azienda ha bisogno di un Interim Marketing Manager?"},"content":{"rendered":"<p class=\"p has-text-color has-link-color wp-elements-767904fd7cd280e5d529f8a49aa6e3eb\" style=\"color:#000000;font-size:20px\">Als Marketingberater sehe ich h\u00e4ufig, das es Momente im Leben eines Unternehmens gibt, in denen Marketing pl\u00f6tzlich auf der Agenda landet \u2014 ob man will oder nicht.<\/p>\n\n\n\n<p class=\"p has-text-color has-link-color wp-elements-2f6b8d5e7fb4fce1a9bd841062bbc546\" style=\"color:#000000;font-size:18px\">La responsabile marketing va in maternit\u00e0. Il founder si accorge che non riesce pi\u00f9 a gestire tutto da solo. Un investitore chiede della strategia di marketing \u2014 e la risposta non convince nessuno. L'azienda cresce pi\u00f9 velocemente delle sue strutture.<\/p>\n\n\n\n<p class=\"p has-text-color has-link-color wp-elements-fec0f00e68d43249f0a87f40cc8ae7ae\" style=\"color:#000000;font-size:18px\">In questi momenti, prima o poi, emerge una domanda: abbiamo bisogno di qualcuno? E se s\u00ec \u2014 di chi, esattamente?<\/p>\n\n\n\n<p class=\"p has-text-color has-link-color wp-elements-bccb41c94417d4da58f285e40e5f0433\" style=\"color:#000000;font-size:18px\">Una delle opzioni che viene spesso in mente \u00e8 l'Interim Marketing Manager. Ma cosa c'\u00e8 davvero dietro questo termine \u2014 e quando ha senso concretamente<\/p>\n\n\n\n<hr class=\"wp-block-separator has-alpha-channel-opacity\"\/>\n\n\n\n<h2 class=\"wp-block-heading h has-text-color has-link-color wp-elements-2d2316ac26a2cfd063aa867d3be38463\" style=\"color:#000000;font-style:normal;font-weight:700\">Cos'\u00e8 un Interim Marketing Manager?<\/h2>\n\n\n\n<p class=\"p has-text-color has-link-color wp-elements-2eab645ab68b1d3bae53c7eb2a4ab2c7\" style=\"color:#000000;font-size:18px\">Un Interim Marketing Manager \u00e8 una figura di marketing senior che entra in azienda temporaneamente \u2014 per un periodo definito, con un obiettivo preciso.<\/p>\n\n\n\n<p class=\"p has-text-color has-link-color wp-elements-3d3833de934caa1aeccf8c8572fea6a6\" style=\"color:#000000;font-size:18px\">Non \u00e8 un'assunzione a tempo indeterminato. Non \u00e8 un impegno a lungo termine. Ma non \u00e8 nemmeno un'agenzia esterna che scrive report e d\u00e0 raccomandazioni senza mai mettere le mani in pasta.<\/p>\n\n\n\n<p class=\"p has-text-color has-link-color wp-elements-1fac986980615cff4564ea16d12a089d\" style=\"color:#000000;font-size:18px\">Un interim manager \u00e8 dentro. Prende responsabilit\u00e0, prende decisioni, esegue \u2014 e se ne va quando il lavoro \u00e8 fatto o quando \u00e8 stata trovata una soluzione a lungo termine.<\/p>\n\n\n\n<p class=\"p has-text-color has-link-color wp-elements-cb53ea1f647a31676eb9d52303474a0b\" style=\"color:#000000;font-size:18px\">Questa \u00e8 la differenza che conta.<\/p>\n\n\n\n<hr class=\"wp-block-separator has-alpha-channel-opacity\"\/>\n\n\n\n<h2 class=\"wp-block-heading h has-text-color has-link-color wp-elements-0d9cd8a17c5041ec9048e5f61af938d3\" style=\"color:#000000;font-style:normal;font-weight:700\">Cinque situazioni in cui l'interim marketing ha davvero senso<\/h2>\n\n\n\n<p class=\"p has-text-color has-link-color wp-elements-4b40fbaf28fbb17e15341df15529a59e\" style=\"color:#000000;font-size:18px\">Dalla mia esperienza, ci sono alcune situazioni in cui questa soluzione non \u00e8 solo sensata \u2014 \u00e8 spesso la scelta migliore.<\/p>\n\n\n\n<p class=\"p has-text-color has-link-color wp-elements-4ea7cbbadf144f38c044c5fd937c4553\" style=\"color:#000000;font-size:18px\"><strong>1. Una posizione chiave si libera all'improvviso<\/strong><\/p>\n\n\n\n<p class=\"p has-text-color has-link-color wp-elements-2fe1e013a394ad93dec7a15ce74f7e35\" style=\"color:#000000;font-size:18px\">La direzione marketing lascia l'azienda \u2014 in modo inaspettato o pianificato. La posizione \u00e8 aperta, ma trovare la persona giusta e farla entrare a regime richiede mesi. Mesi in cui le campagne si fermano, i processi si addormentano e il team rimane senza direzione.<\/p>\n\n\n\n<p class=\"p has-text-color has-link-color wp-elements-3583eb3ba2e993efb88b3f65d1d23de3\" style=\"color:#000000;font-size:18px\">Un interim manager copre questo periodo. Non si limita a tenere in piedi le operazioni \u2014 spesso usa il tempo per costruire strutture che facilitano l'ingresso del successore.<\/p>\n\n\n\n<p class=\"p has-text-color has-link-color wp-elements-d0498edd9f66362b73f6830c1ee017d8\" style=\"color:#000000;font-size:18px\"><strong>2. L'azienda cresce pi\u00f9 velocemente della sua struttura di marketing<\/strong><\/p>\n\n\n\n<p class=\"p has-text-color has-link-color wp-elements-599b5f780645fe8cdd91005652c29e8b\" style=\"color:#000000;font-size:18px\">Molte startup e scale-up conoscono bene questo problema: il prodotto funziona, i clienti arrivano \u2014 ma il marketing va ancora un po' a caso. Nessun sistema chiaro, nessun processo, nessun reporting.<\/p>\n\n\n\n<p class=\"p has-text-color has-link-color wp-elements-9999aac17a0257455215fc68519bccb8\" style=\"color:#000000;font-size:18px\">A un certo punto la situazione non regge pi\u00f9. E allora serve qualcuno che non si limiti ad avere idee, ma costruisca strutture che possano crescere insieme all'azienda.<\/p>\n\n\n\n<p class=\"p has-text-color has-link-color wp-elements-3604ae2f54685912f33fef16e63b1d67\" style=\"color:#000000;font-size:18px\"><strong>3. Un progetto specifico richiede esperienza senior<\/strong><\/p>\n\n\n\n<p class=\"p has-text-color has-link-color wp-elements-b777af9dab0a56f10db7f22af3959156\" style=\"color:#000000;font-size:18px\">Relaunch del sito. Ingresso in un nuovo mercato. Lancio di un nuovo prodotto. Questi progetti richiedono esperienza \u2014 che spesso non c'\u00e8 internamente.<\/p>\n\n\n\n<p class=\"p has-text-color has-link-color wp-elements-f8ecc59b8141d1c955db06d55cf193f5\" style=\"color:#000000;font-size:18px\">Invece di affidarsi a un'agenzia che segue il progetto dall'esterno, un interim manager porta l'expertise direttamente dentro l'azienda. Pi\u00f9 vicino al prodotto, pi\u00f9 vicino al team, pi\u00f9 vicino alla realt\u00e0.<\/p>\n\n\n\n<p class=\"p has-text-color has-link-color wp-elements-e91cf5286613e296ba0d61c46f0007d9\" style=\"color:#000000;font-size:18px\"><strong>4. Il team interno ha bisogno di guida e direzione<\/strong><\/p>\n\n\n\n<p class=\"p has-text-color has-link-color wp-elements-bf32edeb5947771112036cdd91fe5aa0\" style=\"color:#000000;font-size:18px\">Un team di marketing senza una leadership chiara perde rapidamente il filo. Tutti lavorano, ma nessuno sa esattamente verso cosa. Le priorit\u00e0 mancano. I risultati tardano.<\/p>\n\n\n\n<p class=\"p has-text-color has-link-color wp-elements-db17d83c83a8dbf8966861b83969c4d3\" style=\"color:#000000;font-size:18px\">Un Interim Marketing Manager prende in mano la guida \u2014 d\u00e0 al team struttura, direzione e il supporto necessario per lavorare davvero in modo efficace.<\/p>\n\n\n\n<p class=\"p has-text-color has-link-color wp-elements-ce9719662446358ccba2c85e999378bb\" style=\"color:#000000;font-size:18px\"><strong>5. Il founder vuole finalmente togliersi il marketing dalle mani<\/strong><\/p>\n\n\n\n<p class=\"p has-text-color has-link-color wp-elements-deb4dc50fa6eae870e7c8e22ee4e6bc8\" style=\"color:#000000;font-size:18px\">\u00c8 forse la situazione che incontro pi\u00f9 spesso. Un founder che ha fatto marketing fino ad oggi per necessit\u00e0, non per scelta. Che sa che deve diventare pi\u00f9 professionale, ma non ha il tempo per occuparsene.<\/p>\n\n\n\n<p class=\"p has-text-color has-link-color wp-elements-d3754c93225fe6dce8c00f9e8fe1694d\" style=\"color:#000000;font-size:18px\">Un interim manager si occupa di tutto. Non solo operativamente, ma strategicamente. E si assicura che alla fine ci siano strutture che l'azienda pu\u00f2 gestire da sola.<\/p>\n\n\n\n<hr class=\"wp-block-separator has-alpha-channel-opacity\"\/>\n\n\n\n<h2 class=\"wp-block-heading h has-text-color has-link-color wp-elements-36eb5629cee0eccf299268e0a9007c58\" style=\"color:#000000;font-style:normal;font-weight:700\">Quanto costa un Interim Marketing Manager?<\/h2>\n\n\n\n<p class=\"p has-text-color has-link-color wp-elements-2337d90ee386a0cae83b5c00b4d46961\" style=\"color:#000000;font-size:18px\">La risposta onesta: dipende.<\/p>\n\n\n\n<p class=\"p has-text-color has-link-color wp-elements-970fb65a48e201cb363f58769ff4d60c\" style=\"color:#000000;font-size:18px\">Dipende dall'esperienza, dall'ambito, dalla durata e da come \u00e8 strutturata la collaborazione \u2014 a progetto o con un retainer mensile.<\/p>\n\n\n\n<p class=\"p has-text-color has-link-color wp-elements-47c1854c7cb6661d8704d94342fcb34f\" style=\"color:#000000;font-size:18px\">Come orientamento per il mercato tedesco e italiano: un Interim Marketing Manager esperto costa tra i 2.000 e i 6.000 euro al mese \u2014 a seconda delle ore e del livello di responsabilit\u00e0.<\/p>\n\n\n\n<p class=\"p has-text-color has-link-color wp-elements-637d68680dc8622f702621a393a2bf62\" style=\"color:#000000;font-size:18px\">Sembra tanto. Ma confrontato con un'assunzione a tempo indeterminato su un profilo senior \u2014 incluso recruiting, onboarding, stipendio, contributi e il rischio di una scelta sbagliata \u2014 \u00e8 spesso l'opzione pi\u00f9 conveniente e flessibile.<\/p>\n\n\n\n<p class=\"p has-text-color has-link-color wp-elements-cdd775407317e9514c12f91c2bd19c00\" style=\"color:#000000;font-size:18px\">Soprattutto quando il bisogno \u00e8 temporaneo.<\/p>\n\n\n\n<hr class=\"wp-block-separator has-alpha-channel-opacity\"\/>\n\n\n\n<h2 class=\"wp-block-heading h has-text-color has-link-color wp-elements-20180e7f9fe27013380b34635b888858\" style=\"color:#000000;font-style:normal;font-weight:700\">Cosa guardare nella scelta?<\/h2>\n\n\n\n<p class=\"p has-text-color has-link-color wp-elements-22042cded9f61007dfe2d6c4468748ec\" style=\"color:#000000;font-size:18px\">Non ogni interim manager \u00e8 adatto a ogni azienda. Alcune cose che secondo me contano:<\/p>\n\n\n\n<p class=\"p has-text-color has-link-color wp-elements-07028f82f7e46520b09c6497fa4b5762\" style=\"color:#000000;font-size:18px\"><strong>Esperienza a livello senior.<\/strong> L'interim marketing ha senso solo se la persona pu\u00f2 lavorare in autonomia, prendere decisioni e guidare un team. Non un profilo junior che ha bisogno di essere accompagnato.<\/p>\n\n\n\n<p class=\"p has-text-color has-link-color wp-elements-15d37ed94b182a8b9ec5f97cb72c7340\" style=\"color:#000000;font-size:18px\"><strong>Mentalit\u00e0 hands-on.<\/strong> Un buon interim manager non scrive report che nessuno legge. Esegue. La differenza tra consulenza e interim sta esattamente qui.<\/p>\n\n\n\n<p class=\"p has-text-color has-link-color wp-elements-91dad5c247affa2b294b9c93e098d684\" style=\"color:#000000;font-size:18px\"><strong>Un obiettivo chiaro fin dall'inizio.<\/strong> Cosa deve esserci alla fine della collaborazione? Quali strutture devono essere costruite? Un buon interim manager fa queste domande \u2014 e le risponde insieme a te prima che la collaborazione inizi.<\/p>\n\n\n\n<p class=\"p has-text-color has-link-color wp-elements-97fcda59831b8c456e80efd6ef7da254\" style=\"color:#000000;font-size:18px\"><strong>La consegna come parte del lavoro.<\/strong> Per me \u00e8 il criterio pi\u00f9 importante. Un interim manager che punta a essere indispensabile a lungo termine ha fallito il suo obiettivo. Il punto \u00e8 sempre costruire strutture che funzionino senza di lui \u2014 o di lei.<\/p>\n\n\n\n<hr class=\"wp-block-separator has-alpha-channel-opacity\"\/>\n\n\n\n<h2 class=\"wp-block-heading h has-text-color has-link-color wp-elements-0adea287aee5c55f49a3b94c77f24aaf\" style=\"color:#000000;font-style:normal;font-weight:700\">Interim Marketing o Fractional Marketing \u2014 qual \u00e8 la differenza?<\/h2>\n\n\n\n<p class=\"p has-text-color has-link-color wp-elements-2bbf1642dad1a9f5fa1f948e742f3aeb\" style=\"color:#000000;font-size:18px\">La domanda arriva spesso. La differenza \u00e8 semplice:<\/p>\n\n\n\n<p class=\"p has-text-color has-link-color wp-elements-c60fea78d2b4adf6590a8e79b0fd760d\" style=\"color:#000000;font-size:18px\"><strong>Interim<\/strong> significa di solito full-time o quasi \u2014 per un periodo limitato. Tipico nelle situazioni di vacancy o per grandi progetti.<\/p>\n\n\n\n<p class=\"p has-text-color has-link-color wp-elements-06e5d9c723b4e885024f469d0173746c\" style=\"color:#000000;font-size:18px\"><strong>significa part-time continuativo \u2014 ad esempio due giorni a settimana, per diversi mesi. Tipico per aziende che hanno bisogno di esperienza senior regolare, ma non possono o non vogliono giustificare una posizione full-time.<\/strong> bedeutet Teilzeit auf kontinuierlicher Basis \u2014 zum Beispiel zwei Tage pro Woche, dauerhaft oder f\u00fcr mehrere Monate. Typisch f\u00fcr Unternehmen, die regelm\u00e4\u00dfige Senior-Expertise brauchen, aber keine Vollzeitstelle rechtfertigen k\u00f6nnen oder wollen.<\/p>\n\n\n\n<p class=\"p has-text-color has-link-color wp-elements-942d59fc7dbaa6151fe6b359ac3057b2\" style=\"color:#000000;font-size:18px\">Entrambi i modelli hanno senso. Quale funziona meglio dipende dalla situazione concreta.<\/p>\n\n\n\n<hr class=\"wp-block-separator has-alpha-channel-opacity\"\/>\n\n\n\n<h2 class=\"wp-block-heading h has-text-color has-link-color wp-elements-96d8dcad0590f8fe5b333b27bfa6912a\" style=\"color:#000000;font-style:normal;font-weight:700\">Conclusione: quando \u00e8 la scelta giusta?<\/h2>\n\n\n\n<p class=\"p has-text-color has-link-color wp-elements-99676422037599d4c7df584cd2dd39e9\" style=\"color:#000000;font-size:18px\">L'interim marketing \u00e8 la scelta giusta quando hai bisogno di agire velocemente, hai bisogno di expertise senior, e non hai tempo per un lungo processo di selezione.<\/p>\n\n\n\n<p class=\"p has-text-color has-link-color wp-elements-b16b460e4bc3e31d70462b64ff74f983\" style=\"color:#000000;font-size:18px\">O quando vuoi finalmente strutturare il marketing \u2014 ma hai bisogno di qualcuno che non si limiti a consigliare, ma faccia anche.<\/p>\n\n\n\n<p class=\"p has-text-color has-link-color wp-elements-f27017fb0701762b8f876f3078acbcf7\" style=\"color:#000000;font-size:18px\">Se ti riconosci in una di queste situazioni: sono Francesca, fondatrice di The Blooming Bag. Lavoro come Interim e Fractional Marketing Manager con aziende in Germania e con realt\u00e0 italiane che operano nel mercato tedesco.<\/p>\n\n\n\n<p class=\"p has-text-color has-link-color wp-elements-493dba8eadd5d79e22c22a232b55092e\" style=\"color:#000000;font-size:18px\">Parliamone \u2014 30 minuti bastano spesso per capire se e come posso aiutarti.<\/p>\n\n\n\n<p class=\"p has-text-color has-link-color wp-elements-3b1ee5e72798cb434066734a9cef6f21\" style=\"color:#000000;font-size:18px\"><strong><a href=\"\/it\/kontakt\/\">\u2192 Prenota una call gratuita<\/a><\/strong><\/p>\n\n\n\n<hr class=\"wp-block-separator has-alpha-channel-opacity\"\/>\n\n\n\n<p class=\"p has-text-color has-link-color wp-elements-3b62cdb5332442df89b59404e0088cfc\" style=\"color:#000000;font-size:18px\"><em>Francesca de Sensi \u00e8 fondatrice di The Blooming Bag, una consulenza marketing specializzata in struttura, strategia e interim marketing. Lavora con startup e aziende in crescita in Germania e in Italia.<\/em><\/p>\n\n\n\n<p class=\"p has-text-color has-link-color wp-elements-d9da0f4131858bb914fce6ab68981083\" style=\"color:#000000;font-size:18px\"><\/p>\n\n\n<p><!-- \/wp:post-content --><!-- wp:paragraph {\"className\":\"p\",\"style\":{\"color\":{\"text\":\"#000000\"},\"elements\":{\"link\":{\"color\":{\"text\":\"#000000\"}}},\"typography\":{\"fontSize\":\"18px\"}}} --><\/p>\n<p class=\"p has-text-color has-link-color\" style=\"color:#000000;font-size:18px\">","protected":false},"excerpt":{"rendered":"<p>Cosa possiamo imparare dalla famosa tata per bambini su marketing, ordine e sistemi sostenibili.<\/p>","protected":false},"author":2,"featured_media":661,"comment_status":"open","ping_status":"open","sticky":false,"template":"","format":"standard","meta":{"footnotes":""},"categories":[8],"tags":[],"class_list":["post-637","post","type-post","status-publish","format-standard","has-post-thumbnail","hentry","category-inspiration"],"yoast_head":"<!-- This site is optimized with the Yoast SEO plugin v27.2 - https:\/\/yoast.com\/product\/yoast-seo-wordpress\/ -->\n<title>Interim Marketing Manager: Wann wird es gebraucht? | The Blooming Bag<\/title>\n<meta name=\"description\" content=\"Interim Marketing Manager \u2013 wann macht das wirklich Sinn? Ich erkl\u00e4re, welche Situationen daf\u00fcr sprechen, was es kostet und worauf Sie achten sollten.\" \/>\n<meta name=\"robots\" content=\"index, follow, max-snippet:-1, max-image-preview:large, max-video-preview:-1\" \/>\n<link rel=\"canonical\" href=\"https:\/\/thebloomingbag.com\/it\/interim-marketing-manager\/\" \/>\n<meta property=\"og:locale\" content=\"it_IT\" \/>\n<meta property=\"og:type\" content=\"article\" \/>\n<meta property=\"og:title\" content=\"Interim Marketing Manager: Wann wird es gebraucht? | The Blooming Bag\" \/>\n<meta property=\"og:description\" content=\"Interim Marketing Manager \u2013 wann macht das wirklich Sinn? Ich erkl\u00e4re, welche Situationen daf\u00fcr sprechen, was es kostet und worauf Sie achten sollten.\" \/>\n<meta property=\"og:url\" content=\"https:\/\/thebloomingbag.com\/it\/interim-marketing-manager\/\" \/>\n<meta property=\"og:site_name\" content=\"The Blooming Bag\" \/>\n<meta property=\"article:published_time\" content=\"2026-04-07T07:19:21+00:00\" \/>\n<meta property=\"article:modified_time\" content=\"2026-04-15T08:27:12+00:00\" \/>\n<meta property=\"og:image\" content=\"https:\/\/thebloomingbag.com\/wp-content\/uploads\/2026\/04\/interim-marketing-manager-scaled.jpg\" \/>\n\t<meta property=\"og:image:width\" content=\"2560\" \/>\n\t<meta property=\"og:image:height\" content=\"1709\" \/>\n\t<meta property=\"og:image:type\" content=\"image\/jpeg\" \/>\n<meta name=\"author\" content=\"Ganesh\" \/>\n<meta name=\"twitter:card\" content=\"summary_large_image\" \/>\n<meta name=\"twitter:label1\" content=\"Scritto da\" \/>\n\t<meta name=\"twitter:data1\" content=\"Ganesh\" \/>\n\t<meta name=\"twitter:label2\" content=\"Tempo di lettura stimato\" \/>\n\t<meta name=\"twitter:data2\" content=\"5 minuti\" \/>\n<script type=\"application\/ld+json\" class=\"yoast-schema-graph\">{\"@context\":\"https:\/\/schema.org\",\"@graph\":[{\"@type\":\"Article\",\"@id\":\"https:\/\/thebloomingbag.com\/interim-marketing-manager\/#article\",\"isPartOf\":{\"@id\":\"https:\/\/thebloomingbag.com\/interim-marketing-manager\/\"},\"author\":{\"name\":\"Ganesh\",\"@id\":\"https:\/\/thebloomingbag.com\/#\/schema\/person\/70825981ad4656dcdc1cd71156291833\"},\"headline\":\"Wann braucht ein Unternehmen einen Interim Marketing Manager?\",\"datePublished\":\"2026-04-07T07:19:21+00:00\",\"dateModified\":\"2026-04-15T08:27:12+00:00\",\"mainEntityOfPage\":{\"@id\":\"https:\/\/thebloomingbag.com\/interim-marketing-manager\/\"},\"wordCount\":1037,\"commentCount\":0,\"image\":{\"@id\":\"https:\/\/thebloomingbag.com\/interim-marketing-manager\/#primaryimage\"},\"thumbnailUrl\":\"https:\/\/thebloomingbag.com\/wp-content\/uploads\/2026\/04\/interim-marketing-manager-scaled.jpg\",\"articleSection\":[\"Inspiration\"],\"inLanguage\":\"it-IT\",\"potentialAction\":[{\"@type\":\"CommentAction\",\"name\":\"Comment\",\"target\":[\"https:\/\/thebloomingbag.com\/interim-marketing-manager\/#respond\"]}]},{\"@type\":\"WebPage\",\"@id\":\"https:\/\/thebloomingbag.com\/interim-marketing-manager\/\",\"url\":\"https:\/\/thebloomingbag.com\/interim-marketing-manager\/\",\"name\":\"Interim Marketing Manager: Wann wird es gebraucht? | The Blooming Bag\",\"isPartOf\":{\"@id\":\"https:\/\/thebloomingbag.com\/#website\"},\"primaryImageOfPage\":{\"@id\":\"https:\/\/thebloomingbag.com\/interim-marketing-manager\/#primaryimage\"},\"image\":{\"@id\":\"https:\/\/thebloomingbag.com\/interim-marketing-manager\/#primaryimage\"},\"thumbnailUrl\":\"https:\/\/thebloomingbag.com\/wp-content\/uploads\/2026\/04\/interim-marketing-manager-scaled.jpg\",\"datePublished\":\"2026-04-07T07:19:21+00:00\",\"dateModified\":\"2026-04-15T08:27:12+00:00\",\"author\":{\"@id\":\"https:\/\/thebloomingbag.com\/#\/schema\/person\/70825981ad4656dcdc1cd71156291833\"},\"description\":\"Interim Marketing Manager \u2013 wann macht das wirklich Sinn? Ich erkl\u00e4re, welche Situationen daf\u00fcr sprechen, was es kostet und worauf Sie achten sollten.\",\"breadcrumb\":{\"@id\":\"https:\/\/thebloomingbag.com\/interim-marketing-manager\/#breadcrumb\"},\"inLanguage\":\"it-IT\",\"potentialAction\":[{\"@type\":\"ReadAction\",\"target\":[\"https:\/\/thebloomingbag.com\/interim-marketing-manager\/\"]}]},{\"@type\":\"ImageObject\",\"inLanguage\":\"it-IT\",\"@id\":\"https:\/\/thebloomingbag.com\/interim-marketing-manager\/#primaryimage\",\"url\":\"https:\/\/thebloomingbag.com\/wp-content\/uploads\/2026\/04\/interim-marketing-manager-scaled.jpg\",\"contentUrl\":\"https:\/\/thebloomingbag.com\/wp-content\/uploads\/2026\/04\/interim-marketing-manager-scaled.jpg\",\"width\":2560,\"height\":1709},{\"@type\":\"BreadcrumbList\",\"@id\":\"https:\/\/thebloomingbag.com\/interim-marketing-manager\/#breadcrumb\",\"itemListElement\":[{\"@type\":\"ListItem\",\"position\":1,\"name\":\"Home\",\"item\":\"https:\/\/thebloomingbag.com\/\"},{\"@type\":\"ListItem\",\"position\":2,\"name\":\"Wann braucht ein Unternehmen einen Interim Marketing Manager?\"}]},{\"@type\":\"WebSite\",\"@id\":\"https:\/\/thebloomingbag.com\/#website\",\"url\":\"https:\/\/thebloomingbag.com\/\",\"name\":\"The Blooming Bag\",\"description\":\"Deine tailored-made Marketing Agentur\",\"potentialAction\":[{\"@type\":\"SearchAction\",\"target\":{\"@type\":\"EntryPoint\",\"urlTemplate\":\"https:\/\/thebloomingbag.com\/?s={search_term_string}\"},\"query-input\":{\"@type\":\"PropertyValueSpecification\",\"valueRequired\":true,\"valueName\":\"search_term_string\"}}],\"inLanguage\":\"it-IT\"},{\"@type\":\"Person\",\"@id\":\"https:\/\/thebloomingbag.com\/#\/schema\/person\/70825981ad4656dcdc1cd71156291833\",\"name\":\"Ganesh\",\"image\":{\"@type\":\"ImageObject\",\"inLanguage\":\"it-IT\",\"@id\":\"https:\/\/secure.gravatar.com\/avatar\/738e3e4e846d9c4790157bcbb1aeb885ed629fb685af3c2185d30659427165f6?s=96&d=mm&r=g\",\"url\":\"https:\/\/secure.gravatar.com\/avatar\/738e3e4e846d9c4790157bcbb1aeb885ed629fb685af3c2185d30659427165f6?s=96&d=mm&r=g\",\"contentUrl\":\"https:\/\/secure.gravatar.com\/avatar\/738e3e4e846d9c4790157bcbb1aeb885ed629fb685af3c2185d30659427165f6?s=96&d=mm&r=g\",\"caption\":\"Ganesh\"},\"url\":\"https:\/\/thebloomingbag.com\/it\/author\/ganesh\/\"}]}<\/script>\n<!-- \/ Yoast SEO plugin. -->","yoast_head_json":{"title":"Interim Marketing Manager: Wann wird es gebraucht? | The Blooming Bag","description":"Interim Marketing Manager \u2013 wann macht das wirklich Sinn? Ich erkl\u00e4re, welche Situationen daf\u00fcr sprechen, was es kostet und worauf Sie achten sollten.","robots":{"index":"index","follow":"follow","max-snippet":"max-snippet:-1","max-image-preview":"max-image-preview:large","max-video-preview":"max-video-preview:-1"},"canonical":"https:\/\/thebloomingbag.com\/it\/interim-marketing-manager\/","og_locale":"it_IT","og_type":"article","og_title":"Interim Marketing Manager: Wann wird es gebraucht? | The Blooming Bag","og_description":"Interim Marketing Manager \u2013 wann macht das wirklich Sinn? Ich erkl\u00e4re, welche Situationen daf\u00fcr sprechen, was es kostet und worauf Sie achten sollten.","og_url":"https:\/\/thebloomingbag.com\/it\/interim-marketing-manager\/","og_site_name":"The Blooming Bag","article_published_time":"2026-04-07T07:19:21+00:00","article_modified_time":"2026-04-15T08:27:12+00:00","og_image":[{"width":2560,"height":1709,"url":"https:\/\/thebloomingbag.com\/wp-content\/uploads\/2026\/04\/interim-marketing-manager-scaled.jpg","type":"image\/jpeg"}],"author":"Ganesh","twitter_card":"summary_large_image","twitter_misc":{"Scritto da":"Ganesh","Tempo di lettura stimato":"5 minuti"},"schema":{"@context":"https:\/\/schema.org","@graph":[{"@type":"Article","@id":"https:\/\/thebloomingbag.com\/interim-marketing-manager\/#article","isPartOf":{"@id":"https:\/\/thebloomingbag.com\/interim-marketing-manager\/"},"author":{"name":"Ganesh","@id":"https:\/\/thebloomingbag.com\/#\/schema\/person\/70825981ad4656dcdc1cd71156291833"},"headline":"Wann braucht ein Unternehmen einen Interim Marketing Manager?","datePublished":"2026-04-07T07:19:21+00:00","dateModified":"2026-04-15T08:27:12+00:00","mainEntityOfPage":{"@id":"https:\/\/thebloomingbag.com\/interim-marketing-manager\/"},"wordCount":1037,"commentCount":0,"image":{"@id":"https:\/\/thebloomingbag.com\/interim-marketing-manager\/#primaryimage"},"thumbnailUrl":"https:\/\/thebloomingbag.com\/wp-content\/uploads\/2026\/04\/interim-marketing-manager-scaled.jpg","articleSection":["Inspiration"],"inLanguage":"it-IT","potentialAction":[{"@type":"CommentAction","name":"Comment","target":["https:\/\/thebloomingbag.com\/interim-marketing-manager\/#respond"]}]},{"@type":"WebPage","@id":"https:\/\/thebloomingbag.com\/interim-marketing-manager\/","url":"https:\/\/thebloomingbag.com\/interim-marketing-manager\/","name":"Interim Marketing Manager: Wann wird es gebraucht? | The Blooming Bag","isPartOf":{"@id":"https:\/\/thebloomingbag.com\/#website"},"primaryImageOfPage":{"@id":"https:\/\/thebloomingbag.com\/interim-marketing-manager\/#primaryimage"},"image":{"@id":"https:\/\/thebloomingbag.com\/interim-marketing-manager\/#primaryimage"},"thumbnailUrl":"https:\/\/thebloomingbag.com\/wp-content\/uploads\/2026\/04\/interim-marketing-manager-scaled.jpg","datePublished":"2026-04-07T07:19:21+00:00","dateModified":"2026-04-15T08:27:12+00:00","author":{"@id":"https:\/\/thebloomingbag.com\/#\/schema\/person\/70825981ad4656dcdc1cd71156291833"},"description":"Interim Marketing Manager \u2013 wann macht das wirklich Sinn? Ich erkl\u00e4re, welche Situationen daf\u00fcr sprechen, was es kostet und worauf Sie achten sollten.","breadcrumb":{"@id":"https:\/\/thebloomingbag.com\/interim-marketing-manager\/#breadcrumb"},"inLanguage":"it-IT","potentialAction":[{"@type":"ReadAction","target":["https:\/\/thebloomingbag.com\/interim-marketing-manager\/"]}]},{"@type":"ImageObject","inLanguage":"it-IT","@id":"https:\/\/thebloomingbag.com\/interim-marketing-manager\/#primaryimage","url":"https:\/\/thebloomingbag.com\/wp-content\/uploads\/2026\/04\/interim-marketing-manager-scaled.jpg","contentUrl":"https:\/\/thebloomingbag.com\/wp-content\/uploads\/2026\/04\/interim-marketing-manager-scaled.jpg","width":2560,"height":1709},{"@type":"BreadcrumbList","@id":"https:\/\/thebloomingbag.com\/interim-marketing-manager\/#breadcrumb","itemListElement":[{"@type":"ListItem","position":1,"name":"Home","item":"https:\/\/thebloomingbag.com\/"},{"@type":"ListItem","position":2,"name":"Wann braucht ein Unternehmen einen Interim Marketing Manager?"}]},{"@type":"WebSite","@id":"https:\/\/thebloomingbag.com\/#website","url":"https:\/\/thebloomingbag.com\/","name":"La Borsa Fiorita","description":"La Tua Agenzia di Marketing Su Misura","potentialAction":[{"@type":"SearchAction","target":{"@type":"EntryPoint","urlTemplate":"https:\/\/thebloomingbag.com\/?s={search_term_string}"},"query-input":{"@type":"PropertyValueSpecification","valueRequired":true,"valueName":"search_term_string"}}],"inLanguage":"it-IT"},{"@type":"Person","@id":"https:\/\/thebloomingbag.com\/#\/schema\/person\/70825981ad4656dcdc1cd71156291833","name":"Ganesh","image":{"@type":"ImageObject","inLanguage":"it-IT","@id":"https:\/\/secure.gravatar.com\/avatar\/738e3e4e846d9c4790157bcbb1aeb885ed629fb685af3c2185d30659427165f6?s=96&d=mm&r=g","url":"https:\/\/secure.gravatar.com\/avatar\/738e3e4e846d9c4790157bcbb1aeb885ed629fb685af3c2185d30659427165f6?s=96&d=mm&r=g","contentUrl":"https:\/\/secure.gravatar.com\/avatar\/738e3e4e846d9c4790157bcbb1aeb885ed629fb685af3c2185d30659427165f6?s=96&d=mm&r=g","caption":"Ganesh"},"url":"https:\/\/thebloomingbag.com\/it\/author\/ganesh\/"}]}},"_links":{"self":[{"href":"https:\/\/thebloomingbag.com\/it\/wp-json\/wp\/v2\/posts\/637","targetHints":{"allow":["GET"]}}],"collection":[{"href":"https:\/\/thebloomingbag.com\/it\/wp-json\/wp\/v2\/posts"}],"about":[{"href":"https:\/\/thebloomingbag.com\/it\/wp-json\/wp\/v2\/types\/post"}],"author":[{"embeddable":true,"href":"https:\/\/thebloomingbag.com\/it\/wp-json\/wp\/v2\/users\/2"}],"replies":[{"embeddable":true,"href":"https:\/\/thebloomingbag.com\/it\/wp-json\/wp\/v2\/comments?post=637"}],"version-history":[{"count":23,"href":"https:\/\/thebloomingbag.com\/it\/wp-json\/wp\/v2\/posts\/637\/revisions"}],"predecessor-version":[{"id":790,"href":"https:\/\/thebloomingbag.com\/it\/wp-json\/wp\/v2\/posts\/637\/revisions\/790"}],"wp:featuredmedia":[{"embeddable":true,"href":"https:\/\/thebloomingbag.com\/it\/wp-json\/wp\/v2\/media\/661"}],"wp:attachment":[{"href":"https:\/\/thebloomingbag.com\/it\/wp-json\/wp\/v2\/media?parent=637"}],"wp:term":[{"taxonomy":"category","embeddable":true,"href":"https:\/\/thebloomingbag.com\/it\/wp-json\/wp\/v2\/categories?post=637"},{"taxonomy":"post_tag","embeddable":true,"href":"https:\/\/thebloomingbag.com\/it\/wp-json\/wp\/v2\/tags?post=637"}],"curies":[{"name":"wp","href":"https:\/\/api.w.org\/{rel}","templated":true}]}}